{"id":1338,"date":"2015-12-16T11:23:12","date_gmt":"2015-12-16T10:23:12","guid":{"rendered":"http:\/\/80.244.133.162\/wordpress\/?p=1338"},"modified":"2015-12-16T11:34:27","modified_gmt":"2015-12-16T10:34:27","slug":"zmiana-taryfy-elektrocieplowni-mielec-sp-z-o-o","status":"publish","type":"post","link":"http:\/\/ec.mielec.pl\/wordpress\/?p=1338","title":{"rendered":"Zmiana taryfy Elektrociep\u0142owni Mielec Sp. z o.o."},"content":{"rendered":"<p>Decyzj\u0105 Prezesa Urz\u0119du Regulacji Energetyki nr OKR-4211-35(6)\/2015\/1334\/VA\/MKo2 z dnia 15 grudnia 2015 r. zatwierdzona zosta\u0142a zmiana taryfy\u00a0dla energii elektrycznej.<\/p>\n<h4>Zmiana taryfy, stanowi\u0105ca za\u0142\u0105cznik do niniejszej decyzji,\u00a0obowi\u0105zuj\u0105cy od 1 stycznia 2016 r.<\/h4>\n<a target=\"_self\" href=\"http:\/\/bip.ure.gov.pl\/download\/3\/6692\/20151215ZmianataryfyElektrocieplowniMielecSpzoo.pdf\" class=\"btn btn-link\"><i class=\"icon-download\"><\/i> Pobierz dokument w formacie PDF<\/a>\n","protected":false},"excerpt":{"rendered":"<p> [&hellip;]<\/p>\n","protected":false},"author":1,"featured_media":0,"comment_status":"closed","ping_status":"closed","sticky":false,"template":"","format":"standard","meta":[],"categories":[56],"tags":[58,59,57],"_links":{"self":[{"href":"http:\/\/ec.mielec.pl\/wordpress\/index.php?rest_route=\/wp\/v2\/posts\/1338"}],"collection":[{"href":"http:\/\/ec.mielec.pl\/wordpress\/index.php?rest_route=\/wp\/v2\/posts"}],"about":[{"href":"http:\/\/ec.mielec.pl\/wordpress\/index.php?rest_route=\/wp\/v2\/types\/post"}],"author":[{"embeddable":true,"href":"http:\/\/ec.mielec.pl\/wordpress\/index.php?rest_route=\/wp\/v2\/users\/1"}],"replies":[{"embeddable":true,"href":"http:\/\/ec.mielec.pl\/wordpress\/index.php?rest_route=%2Fwp%2Fv2%2Fcomments&post=1338"}],"version-history":[{"count":3,"href":"http:\/\/ec.mielec.pl\/wordpress\/index.php?rest_route=\/wp\/v2\/posts\/1338\/revisions"}],"predecessor-version":[{"id":1341,"href":"http:\/\/ec.mielec.pl\/wordpress\/index.php?rest_route=\/wp\/v2\/posts\/1338\/revisions\/1341"}],"wp:attachment":[{"href":"http:\/\/ec.mielec.pl\/wordpress\/index.php?rest_route=%2Fwp%2Fv2%2Fmedia&parent=1338"}],"wp:term":[{"taxonomy":"category","embeddable":true,"href":"http:\/\/ec.mielec.pl\/wordpress\/index.php?rest_route=%2Fwp%2Fv2%2Fcategories&post=1338"},{"taxonomy":"post_tag","embeddable":true,"href":"http:\/\/ec.mielec.pl\/wordpress\/index.php?rest_route=%2Fwp%2Fv2%2Ftags&post=1338"}],"curies":[{"name":"wp","href":"https:\/\/api.w.org\/{rel}","templated":true}]}}